{"id":681,"date":"2013-11-27T13:43:27","date_gmt":"2013-11-27T11:43:27","guid":{"rendered":"http:\/\/frank-stauss.de\/?p=681"},"modified":"2015-08-26T10:35:33","modified_gmt":"2015-08-26T08:35:33","slug":"menschen","status":"publish","type":"post","link":"https:\/\/frank-stauss.de\/index.php\/menschen\/","title":{"rendered":"Menschen."},"content":{"rendered":"<p><b>Eine junge Frau<\/b>, sie ist wirklich gut an der Uni, wohnt noch zu Hause bei den Eltern, weil sie sich das Studium sonst nicht leisten k\u00f6nnte und sie hat eine gro\u00dfe Sorge: Seit Wochen fragt ihr Vater sie immer bestimmender: &#8222;Wie wirst Du entscheiden?&#8220; Sie will schon nicht mehr nach Hause, kann sich immer schlechter konzentrieren, wei\u00df nicht, was wird, wenn sie anders entscheidet als ihr Vater das will. Eigentlich wei\u00df sie noch gar nicht, was sie wirklich will. Es schlagen zwei Herzen in Ihrer Brust und jeder, der selbst eines hat, kann das verstehen. Nun. Sie muss sich nicht mehr entscheiden, ob sie die t\u00fcrkische oder deutsche Staatsangeh\u00f6rigkeit annehmen will. Sie muss nicht mehr bis zum 23. Lebensjahr Konflikte aushalten, auch nicht mit ihrem Bruder \u2013 der sie als Verr\u00e4terin beschimpft, weil sie \u00fcberhaupt dar\u00fcber nachzudenken wagte. Sie ist jetzt frei.<\/p>\n<p><b>Nach zehn Stunden Arbeit am Tag<\/b> nach Hause zu kommen und dennoch am Samstag wieder Schlange zu stehen, um an die \u00fcbrig gebliebenen Lebensmittel aus den Superm\u00e4rkten zu kommen, das ist so dem\u00fctigend. Vor allem wenn man den ganzen Tag \u00fcber den G\u00e4sten etwas zu Essen \u00fcber die Theke gereicht hat. Von 8,50 die Stunde w\u00fcrde sie auch nicht reich. Aber es w\u00e4re immerhin genug, diese Dem\u00fctigung nicht weiter hinnehmen zu m\u00fcssen. Es kann stolz machen, wenn man sein eigenes Essen bezahlen kann. Ja, das kann es.<\/p>\n<p><b>Es hatte eigentlich niemand wirklich gefragt, ob er mit 16<\/b> schon in die Lehre gehen wolle. Und er hatte ehrlich gesagt auch an nichts anderes gedacht, als Schreiner zu werden. Nun hat er sich ausgerechnet, dass er nach 45 Jahren Arbeit eigentlich erst 61 Jahre alt ist. Und dann noch Abschl\u00e4ge hinnehmen soll, wenn er zwei Jahre sp\u00e4ter aufh\u00f6ren will? W\u00e4hrend sein Nachbar mit 28 angefangen hat, in seinem Job. Das neidet er ihm nicht. Aber es geht auch k\u00f6rperlich bei ihm nicht mehr so. Mit 63 ohne Abschl\u00e4ge noch ein paar gute Jahre? Das w\u00e4re schon gerecht, oder?<\/p>\n<p><b>Es ist ja sch\u00f6n, dass sie von Unternehmen als \u201eHigh Potential\u201c<\/b> gesehen wird. Aber sie wird noch lange nicht f\u00fcr ihr hohes Potential bezahlt. Im Gegenteil &#8211; am Ende des Monats wird es ziemlich eng. Sie ist jung, ledig und daher auch mobil. Man erwartet von ihr, dass sie nicht lange nachdenkt, wenn man ihr eine Stelle in D\u00fcsseldorf, M\u00fcnchen oder Berlin anbietet. Und auch nicht, wenn sie zwei Jahre sp\u00e4ter wieder wechseln soll. Damit wir uns nicht falsch verstehen: Sie will dieses Leben, sie will nach oben und ja, sie ist eine Karrierefrau. Irgendwann, hoffentlich. Und dann, wenn sie es geschafft hat, erinnert sie sich hoffentlich daran, wer daf\u00fcr gesorgt hat, dass sie bei ihren Umz\u00fcgen den Makler nicht mehr zahlen musste, f\u00fcr dessen Geb\u00fchr sie dann locker zwei Monate arbeiten durfte, obwohl der gerade mal drei Telefonate gef\u00fchrt hat. Und sie erinnert sich dann hoffentlich auch daran, dass die Aufsichtsr\u00e4tin, die sie sp\u00e4ter einmal in den Vorstand durchboxen wird, deshalb dort sa\u00df, weil jemand hart verhandelt hat \u2013 im Herbst 2013 in Berlin.<\/p>\n<p><b>Der Kollege am Band macht den gleichen Job<\/b> und auch nur ein paar Monate l\u00e4nger als er. Aber er wird nicht nur besser bezahlt, er hat auch einen echten K\u00fcndigungsschutz. Vor kurzem hat der von der Bank sogar einen Kredit f\u00fcr eine eigene Wohnung bekommen. Ihm gibt keiner ein Darlehen, nicht mal jetzt, wo die Zinsen so im Keller sind. Er ist Leiharbeiter \u2013 nicht kreditw\u00fcrdig. Und das Wort W\u00fcrde steckt da nicht ohne Grund drin. Er macht das hier schon seit fast zwei Jahren \u2013 mit keiner Aussicht auf eine \u00dcbernahme. Oder doch?<\/p>\n<p><b>Sie haben auf diese Wahl gewartet<\/b>, wie noch nie in ihrem Leben. W\u00fcrden Sie danach endlich gemeinsam ihre Pflegekinder offiziell adoptieren d\u00fcrfen? So wie alle anderen auch? Doch der Wahlabend war eine Katastrophe. Jetzt hoffen sie weiter auf das Bundesverfassungsgericht, das schon \u00fcber die ganzen letzten Jahre die sogenannte \u201eHomo-Ehe\u201c immer weiter gleichgestellt hat. Und immerhin haben CDU und CSU auf Druck der SPD bekannt: \u201eRechtliche Regelungen, die gleichgeschlechtliche Lebenspartnerschaften schlechter stellen, werden wir beseitigen.\u201c Auf das volle Adoptionsrecht werden sie weiter warten. Aber warten sind sie gewohnt. Ihr Tag wird kommen. So oder so. Pers\u00f6nlich sind sie vielleicht doch ein bisschen entt\u00e4uscht \u2013 aber sie g\u00f6nnen allen anderen, dass es ihnen mit der SPD in der Regierung besser gehen wird, als mit der SPD in der Opposition.<\/p>\n","protected":false},"excerpt":{"rendered":"<p>Eine junge Frau, sie ist wirklich gut an der Uni, wohnt noch zu Hause bei den Eltern, weil sie sich das Studium sonst nicht leisten k\u00f6nnte und sie hat eine gro\u00dfe Sorge: Seit Wochen fragt ihr Vater sie immer bestimmender: &#8222;Wie wirst Du entscheiden?&#8220; Sie will schon nicht mehr nach Hause, kann sich immer schlechter &hellip; <a href=\"https:\/\/frank-stauss.de\/index.php\/menschen\/\" class=\"more-link\"><span class=\"screen-reader-text\">\u201eMenschen.\u201c<\/span> weiterlesen<\/a><\/p>\n","protected":false},"author":1,"featured_media":0,"comment_status":"closed","ping_status":"closed","sticky":false,"template":"","format":"standard","meta":[],"categories":[1],"tags":[],"_links":{"self":[{"href":"https:\/\/frank-stauss.de\/index.php\/wp-json\/wp\/v2\/posts\/681"}],"collection":[{"href":"https:\/\/frank-stauss.de\/index.php\/wp-json\/wp\/v2\/posts"}],"about":[{"href":"https:\/\/frank-stauss.de\/index.php\/wp-json\/wp\/v2\/types\/post"}],"author":[{"embeddable":true,"href":"https:\/\/frank-stauss.de\/index.php\/wp-json\/wp\/v2\/users\/1"}],"replies":[{"embeddable":true,"href":"https:\/\/frank-stauss.de\/index.php\/wp-json\/wp\/v2\/comments?post=681"}],"version-history":[{"count":10,"href":"https:\/\/frank-stauss.de\/index.php\/wp-json\/wp\/v2\/posts\/681\/revisions"}],"predecessor-version":[{"id":1191,"href":"https:\/\/frank-stauss.de\/index.php\/wp-json\/wp\/v2\/posts\/681\/revisions\/1191"}],"wp:attachment":[{"href":"https:\/\/frank-stauss.de\/index.php\/wp-json\/wp\/v2\/media?parent=681"}],"wp:term":[{"taxonomy":"category","embeddable":true,"href":"https:\/\/frank-stauss.de\/index.php\/wp-json\/wp\/v2\/categories?post=681"},{"taxonomy":"post_tag","embeddable":true,"href":"https:\/\/frank-stauss.de\/index.php\/wp-json\/wp\/v2\/tags?post=681"}],"curies":[{"name":"wp","href":"https:\/\/api.w.org\/{rel}","templated":true}]}}