{"id":2976,"date":"2025-01-27T13:44:52","date_gmt":"2025-01-27T11:44:52","guid":{"rendered":"https:\/\/frank-stauss.de\/?p=2976"},"modified":"2025-01-27T13:51:04","modified_gmt":"2025-01-27T11:51:04","slug":"die-fiebrigen-machtfantasien-des-friedrich-merz","status":"publish","type":"post","link":"https:\/\/frank-stauss.de\/index.php\/die-fiebrigen-machtfantasien-des-friedrich-merz\/","title":{"rendered":"Die fiebrigen Machtfantasien des Friedrich Merz."},"content":{"rendered":"\n<p><strong><em>Es wird immer klarer: Die Inspirationsquelle f\u00fcr Friedrich Merz ist Donald Trump. <\/em><\/strong><\/p>\n\n\n\n<p>Es geht um kompromisslose politische Erpressung, verbale Ausf\u00e4lle, fiebrige Machtfantasien (\u201eIch werde das n\u00e4chste Innenministerium &#8211; egal wer es f\u00fchrt &#8211; anweisen\u2026\u201c) Verhetzung von Transferleistungsempf\u00e4ngern und auch um die Befreiung Deutschlands von frei erfundenen Verboten (Gendergebot, Fu\u00dfballtorschie\u00dfverbot), etc. Wer Friedrich Merz dieser Tage zuh\u00f6rt erwartet als n\u00e4chstes die Umbenennung der Nordsee in \u201eDeutsche See.\u201c Die Masche ist altbekannt und leider in keiner Weise l\u00e4cherlich.\u00a0<\/p>\n\n\n\n<p>Wenn die W\u00e4hlerinnen und W\u00e4hler am 23. Februar eine Mehrheit von CDU\/CSU und AfD w\u00e4hlen, dann ist das so. Aber sie sollten zuvor wissen, was ihnen droht. <\/p>\n\n\n\n<p><strong><em>Die inhaltlichen und zunehmend auch rhetorischen Gemeinsamkeiten von CDU\/CSU und AfD gehen weit \u00fcber die Migrationsfrage hinaus. Es geht um Arbeitnehmerrechte, Arbeitszeiten, Tariftreue, erneuerbare Energien, Umwelt- und Artenschutz, Frauenrechte, Minderheitenschutz, Kultur und Leitkultur.<\/em><\/strong><\/p>\n\n\n\n<p>Merz braucht f\u00fcr seine Machtanspr\u00fcche keine Koalition mit der AfD. Das Spiel, das er gerade spielt, n\u00e4mlich die Inkaufnahme einer parlamentarischen Mehrheit mit der AfD ist erst das Vorspiel. Bekommen diese Parteien eine gemeinsame parlamentarische Mehrheit, wird ein impulsiver und offensichtlich schon jetzt machtbesessener Mensch wie Merz diese nutzen.<\/p>\n\n\n\n<p>Jetzt geht es um die Mobilisierung der demokratischen Mitte und auch die Aufkl\u00e4rung derer, die noch nicht mitbekommen haben, worum es gerade geht.&nbsp;<\/p>\n\n\n\n<p>Es geht Merz mitnichten um die L\u00f6sung von Problemen vor einer Wahl, die bereits in drei Wochen stattfindet. Es geht um die pr\u00e4ventive Einsch\u00fcchterung m\u00f6glicher Koalitionspartner und die Vorbereitung eines Scheiterns von Koalitionsgespr\u00e4chen nach denen es dann nur noch eine \u201eAlternative\u201c gibt.<\/p>\n\n\n\n<p>Was ich heute ich in einigen Medien zu dem Vorgang lese, ist an Naivit\u00e4t kaum zu \u00fcberbieten. Dem billigen Hackentrick auf den Leim zu gehen, dass eine AfD-kritische Passage in einem AfD-getr\u00e4nkten Antrag eine Distanz herstellen soll, macht schon fast sprachlos.&nbsp;<\/p>\n\n\n\n<p><strong>Ich hoffe inst\u00e4ndig, dass die Parteien der tats\u00e4chlichen Mitte jetzt aufwachen und endlich den Wahlkampf f\u00fchren, der dieser Bedrohung angemessen ist.&nbsp;<\/strong><\/p>\n\n\n\n<figure class=\"wp-block-image size-large\"><img decoding=\"async\" loading=\"lazy\" width=\"240\" height=\"300\" src=\"https:\/\/frank-stauss.de\/wordpress\/wp-content\/uploads\/2025\/01\/StopptMerz-240x300.jpg\" alt=\"\" class=\"wp-image-2978\" srcset=\"https:\/\/frank-stauss.de\/wordpress\/wp-content\/uploads\/2025\/01\/StopptMerz-240x300.jpg 240w, https:\/\/frank-stauss.de\/wordpress\/wp-content\/uploads\/2025\/01\/StopptMerz-120x150.jpg 120w, https:\/\/frank-stauss.de\/wordpress\/wp-content\/uploads\/2025\/01\/StopptMerz-768x960.jpg 768w, https:\/\/frank-stauss.de\/wordpress\/wp-content\/uploads\/2025\/01\/StopptMerz-1229x1536.jpg 1229w, https:\/\/frank-stauss.de\/wordpress\/wp-content\/uploads\/2025\/01\/StopptMerz-1200x1500.jpg 1200w, https:\/\/frank-stauss.de\/wordpress\/wp-content\/uploads\/2025\/01\/StopptMerz.jpg 1280w\" sizes=\"(max-width: 240px) 85vw, 240px\" \/><\/figure>\n\n\n\n<p><\/p>\n","protected":false},"excerpt":{"rendered":"<p>Es wird immer klarer: Die Inspirationsquelle f\u00fcr Friedrich Merz ist Donald Trump. Es geht um kompromisslose politische Erpressung, verbale Ausf\u00e4lle, fiebrige Machtfantasien (\u201eIch werde das n\u00e4chste Innenministerium &#8211; egal wer es f\u00fchrt &#8211; anweisen\u2026\u201c) Verhetzung von Transferleistungsempf\u00e4ngern und auch um die Befreiung Deutschlands von frei erfundenen Verboten (Gendergebot, Fu\u00dfballtorschie\u00dfverbot), etc. Wer Friedrich Merz dieser Tage &hellip; <a href=\"https:\/\/frank-stauss.de\/index.php\/die-fiebrigen-machtfantasien-des-friedrich-merz\/\" class=\"more-link\"><span class=\"screen-reader-text\">\u201eDie fiebrigen Machtfantasien des Friedrich Merz.\u201c<\/span> weiterlesen<\/a><\/p>\n","protected":false},"author":1,"featured_media":0,"comment_status":"closed","ping_status":"closed","sticky":false,"template":"","format":"standard","meta":[],"categories":[1],"tags":[32,71,137,156,42,141,215,79,38],"_links":{"self":[{"href":"https:\/\/frank-stauss.de\/index.php\/wp-json\/wp\/v2\/posts\/2976"}],"collection":[{"href":"https:\/\/frank-stauss.de\/index.php\/wp-json\/wp\/v2\/posts"}],"about":[{"href":"https:\/\/frank-stauss.de\/index.php\/wp-json\/wp\/v2\/types\/post"}],"author":[{"embeddable":true,"href":"https:\/\/frank-stauss.de\/index.php\/wp-json\/wp\/v2\/users\/1"}],"replies":[{"embeddable":true,"href":"https:\/\/frank-stauss.de\/index.php\/wp-json\/wp\/v2\/comments?post=2976"}],"version-history":[{"count":3,"href":"https:\/\/frank-stauss.de\/index.php\/wp-json\/wp\/v2\/posts\/2976\/revisions"}],"predecessor-version":[{"id":2980,"href":"https:\/\/frank-stauss.de\/index.php\/wp-json\/wp\/v2\/posts\/2976\/revisions\/2980"}],"wp:attachment":[{"href":"https:\/\/frank-stauss.de\/index.php\/wp-json\/wp\/v2\/media?parent=2976"}],"wp:term":[{"taxonomy":"category","embeddable":true,"href":"https:\/\/frank-stauss.de\/index.php\/wp-json\/wp\/v2\/categories?post=2976"},{"taxonomy":"post_tag","embeddable":true,"href":"https:\/\/frank-stauss.de\/index.php\/wp-json\/wp\/v2\/tags?post=2976"}],"curies":[{"name":"wp","href":"https:\/\/api.w.org\/{rel}","templated":true}]}}