{"id":2958,"date":"2024-12-31T13:24:57","date_gmt":"2024-12-31T11:24:57","guid":{"rendered":"https:\/\/frank-stauss.de\/?p=2958"},"modified":"2024-12-31T13:24:57","modified_gmt":"2024-12-31T11:24:57","slug":"wahlkampf-in-zeiten-des-terrors-und-ein-special-zum-jahreswechsel-zwei-neue-podcastfolgen-von-61-millionen","status":"publish","type":"post","link":"https:\/\/frank-stauss.de\/index.php\/wahlkampf-in-zeiten-des-terrors-und-ein-special-zum-jahreswechsel-zwei-neue-podcastfolgen-von-61-millionen\/","title":{"rendered":"Wahlkampf in Zeiten des Terrors und ein Special zum Jahreswechsel: Zwei neue Podcastfolgen von 61 Millionen."},"content":{"rendered":"\n<p>Mit Hajo Schumacher spreche ich \u00fcber die Lage nach der Amokfahrt von Magdeburg und \u00fcber grunds\u00e4tzliche Wahlkampf-Erfahrungen aus \u00fcber 40 Wahlk\u00e4mpfen. <\/p>\n\n\n\n<p><\/p>\n\n\n\n<figure class=\"wp-block-embed is-type-rich is-provider-spotify wp-block-embed-spotify wp-embed-aspect-21-9 wp-has-aspect-ratio\"><div class=\"wp-block-embed__wrapper\">\n<iframe title=\"Spotify Embed: Was sind die drei magischen P&amp;apos;s jedes Wahlkampfs, Frank Stauss?\" style=\"border-radius: 12px\" width=\"100%\" height=\"152\" frameborder=\"0\" allowfullscreen allow=\"autoplay; clipboard-write; encrypted-media; fullscreen; picture-in-picture\" loading=\"lazy\" src=\"https:\/\/open.spotify.com\/embed\/episode\/3RLjMXGwrvme8BivfJreum?si=3298aa63275a4b63&#038;utm_source=oembed\"><\/iframe>\n<\/div><\/figure>\n\n\n\n<figure class=\"wp-block-embed is-type-rich is-provider-spotify wp-block-embed-spotify wp-embed-aspect-21-9 wp-has-aspect-ratio\"><div class=\"wp-block-embed__wrapper\">\n<iframe title=\"Spotify Embed: Wie geht Wahlkampf nach Magdeburg, Frank Stauss?\" style=\"border-radius: 12px\" width=\"100%\" height=\"152\" frameborder=\"0\" allowfullscreen allow=\"autoplay; clipboard-write; encrypted-media; fullscreen; picture-in-picture\" loading=\"lazy\" src=\"https:\/\/open.spotify.com\/embed\/episode\/6Xx6YAuCrAmZ8Y87SRBAY4?si=b1c87794c4964c0e&#038;utm_source=oembed\"><\/iframe>\n<\/div><\/figure>\n","protected":false},"excerpt":{"rendered":"<p>Mit Hajo Schumacher spreche ich \u00fcber die Lage nach der Amokfahrt von Magdeburg und \u00fcber grunds\u00e4tzliche Wahlkampf-Erfahrungen aus \u00fcber 40 Wahlk\u00e4mpfen.<\/p>\n","protected":false},"author":1,"featured_media":0,"comment_status":"closed","ping_status":"closed","sticky":false,"template":"","format":"standard","meta":[],"categories":[1],"tags":[],"_links":{"self":[{"href":"https:\/\/frank-stauss.de\/index.php\/wp-json\/wp\/v2\/posts\/2958"}],"collection":[{"href":"https:\/\/frank-stauss.de\/index.php\/wp-json\/wp\/v2\/posts"}],"about":[{"href":"https:\/\/frank-stauss.de\/index.php\/wp-json\/wp\/v2\/types\/post"}],"author":[{"embeddable":true,"href":"https:\/\/frank-stauss.de\/index.php\/wp-json\/wp\/v2\/users\/1"}],"replies":[{"embeddable":true,"href":"https:\/\/frank-stauss.de\/index.php\/wp-json\/wp\/v2\/comments?post=2958"}],"version-history":[{"count":2,"href":"https:\/\/frank-stauss.de\/index.php\/wp-json\/wp\/v2\/posts\/2958\/revisions"}],"predecessor-version":[{"id":2960,"href":"https:\/\/frank-stauss.de\/index.php\/wp-json\/wp\/v2\/posts\/2958\/revisions\/2960"}],"wp:attachment":[{"href":"https:\/\/frank-stauss.de\/index.php\/wp-json\/wp\/v2\/media?parent=2958"}],"wp:term":[{"taxonomy":"category","embeddable":true,"href":"https:\/\/frank-stauss.de\/index.php\/wp-json\/wp\/v2\/categories?post=2958"},{"taxonomy":"post_tag","embeddable":true,"href":"https:\/\/frank-stauss.de\/index.php\/wp-json\/wp\/v2\/tags?post=2958"}],"curies":[{"name":"wp","href":"https:\/\/api.w.org\/{rel}","templated":true}]}}