{"id":2530,"date":"2021-04-01T14:25:40","date_gmt":"2021-04-01T12:25:40","guid":{"rendered":"http:\/\/frank-stauss.de\/?p=2530"},"modified":"2021-04-01T14:25:40","modified_gmt":"2021-04-01T12:25:40","slug":"zeit-online-podcast-jetzt-live","status":"publish","type":"post","link":"https:\/\/frank-stauss.de\/index.php\/zeit-online-podcast-jetzt-live\/","title":{"rendered":"ZEIT Online Podcast jetzt live."},"content":{"rendered":"<p><strong><em>Daniel Erk hat mir f\u00fcr den <a href=\"https:\/\/www.zeit.de\/arbeit\/2021-03\/frank-stauss-wahlkampf-arbeit-podcast\"><span style=\"text-decoration: underline;\">ZEIT ONLINE Podcast &#8222;Frisch an die Arbeit&#8220;<\/span><\/a> viele spannende Fragen gestellt, auf die ich versucht habe, nicht zu langweilig zu antworten. Enjoy:<\/em><\/strong><\/p>\n<p><a href=\"https:\/\/www.zeit.de\/arbeit\/2021-03\/frank-stauss-wahlkampf-arbeit-podcast\"><img decoding=\"async\" loading=\"lazy\" class=\"alignnone size-large wp-image-2531\" src=\"http:\/\/frank-stauss.de\/wordpress\/wp-content\/uploads\/2021\/04\/Bildschirmfoto-2021-04-01-um-14.17.15-300x173.png\" alt=\"Bildschirmfoto 2021-04-01 um 14.17.15\" width=\"300\" height=\"173\" srcset=\"https:\/\/frank-stauss.de\/wordpress\/wp-content\/uploads\/2021\/04\/Bildschirmfoto-2021-04-01-um-14.17.15-300x173.png 300w, https:\/\/frank-stauss.de\/wordpress\/wp-content\/uploads\/2021\/04\/Bildschirmfoto-2021-04-01-um-14.17.15-150x86.png 150w, https:\/\/frank-stauss.de\/wordpress\/wp-content\/uploads\/2021\/04\/Bildschirmfoto-2021-04-01-um-14.17.15-768x442.png 768w, https:\/\/frank-stauss.de\/wordpress\/wp-content\/uploads\/2021\/04\/Bildschirmfoto-2021-04-01-um-14.17.15.png 996w\" sizes=\"(max-width: 300px) 85vw, 300px\" \/><\/a><\/p>\n<p>Frank Stauss ist Wahlkampfberater und hat schon f\u00fcr Wowereit und Schr\u00f6der gearbeitet. Im Podcast erkl\u00e4rt er, wie man gewinnt und weshalb er kein Politiker sein will.<\/p>\n<p class=\"paragraph article__item\">&#8222;Die spannendste Phase des Wahlkampfs ist f\u00fcr uns als Berater der Anfang&#8220;, sagt Frank Stauss, Wahlkampfberater und Gesch\u00e4ftsf\u00fchrer der Campaigning-Agentur Richel\/Stauss, der gerade zwei Kampagnen f\u00fcr die SPD in Baden-W\u00fcrttemberg und Rheinland-Pfalz entwickelt hat. Am Anfang n\u00e4mlich w\u00fcrden die wichtigen strategischen Fragen entschieden, die sp\u00e4ter die Grundlage f\u00fcr die Kampagnen bilden. &#8222;Wenn f\u00fcr die \u00d6ffentlichkeit der Wahlkampf beginnt, ist er f\u00fcr uns fast zu Ende&#8220;, erkl\u00e4rt Stauss im ZEIT-ONLINE-Podcast <a class=\"\" href=\"https:\/\/www.zeit.de\/serie\/frisch-an-die-arbeit\" target=\"_blank\">&#8222;Frisch an die Arbeit&#8220;<\/a>. &#8222;Die Schlussphase des Wahlkampf ist f\u00fcr uns die Schlimmste, weil man da fast nichts mehr \u00e4ndern kann.&#8220;<\/p>\n<div class=\"ad-container\" data-type=\"desktop\" data-tile=\"8\"><\/div>\n<p class=\"paragraph article__item\">Stauss, der zu den bekanntesten Wahlkampfberatern Deutschlands geh\u00f6rt, macht seit 30 Jahren Kampagnen \u2013 meist f\u00fcr die SPD, bei der Stauss auch Mitglied ist. Allerdings, erz\u00e4hlt er, habe er auch schon f\u00fcr Kandidatinnen und Kandidaten der Gr\u00fcnen und der FDP sowie vor einigen Jahren auch eine ganze Kampagne f\u00fcr die \u00f6sterreichische \u00d6VP entwickelt. Zwar habe er gewisse politische Leitlinien, aber grunds\u00e4tzlich sei er als Campaigner in erster Linie Dienstleister und eben nicht Politiker, sagt Stauss: &#8222;Wir sind Berater. Wir h\u00e4ngen nicht auf den Plakaten. Meine Karriere h\u00e4ngt nicht vom Wahlabend ab.&#8220;<\/p>\n<figure class=\"quote article__item\">\n<blockquote class=\"quote__text\"><p>&#8222;Politiker zu sein, kann ich mir beim besten Willen nicht mehr vorstellen.&#8220;<\/blockquote><figcaption class=\"quote__source\">Frank Stauss, Wahlkampfberater<\/figcaption><\/figure>\n<p class=\"paragraph article__item\">Ob er selbst gerne Politiker geworden w\u00e4re? &#8222;Ich hab da einen riesigen Respekt davor. Aber das kann ich mir beim besten Willen nicht mehr vorstellen&#8220;, sagt Stauss. In jungen Jahren habe er dar\u00fcber nachgedacht, aber mittlerweile sei er der \u00dcberzeugung, dass Wahlkampf tats\u00e4chlich seine Berufung sei. Im Podcast erz\u00e4hlt Stauss auch, welche Faktoren eine Wahl in seinen Augen wirklich beeinflussen und warum ihn die Vergleiche zur vorherigen Wahl gar nicht interessieren.<\/p>\n<p class=\"paragraph article__item\">Die Plakate und Slogans und die Fokussierung auf diesen einen Tag der Wahrheit, sagt Stauss, habe ihn schon sehr fr\u00fch begeistert. &#8222;Ich wusste mit zw\u00f6lf, dass ich Wahlk\u00e4mpfe machen will \u2013 ich kann versichern, das ist ein sehr einsames Hobby f\u00fcr ein Kind&#8220;, sagt Stauss.<\/p>\n<p class=\"paragraph article__item\">Besonders in Erinnerung sei ihm in all den Jahren unter anderem der Wahlkampf 2001 an der Seite von <span class=\"rtr-schema-org\"><a class=\"rtr-entity\" href=\"https:\/\/www.zeit.de\/thema\/klaus-wowereit\">Klaus Wowereit<\/a><\/span> geblieben. &#8222;Wowereit sagte damals &#8218;Ich bin schwul und das ist auch gut so&#8216;. Dass Wowereit die Wahl gewonnen hat, das war f\u00fcr mich als Homosexuellen eine doppelte Kr\u00f6nung&#8220;, sagt Stauss.<\/p>\n","protected":false},"excerpt":{"rendered":"<p>Daniel Erk hat mir f\u00fcr den ZEIT ONLINE Podcast &#8222;Frisch an die Arbeit&#8220; viele spannende Fragen gestellt, auf die ich versucht habe, nicht zu langweilig zu antworten. Enjoy: Frank Stauss ist Wahlkampfberater und hat schon f\u00fcr Wowereit und Schr\u00f6der gearbeitet. Im Podcast erkl\u00e4rt er, wie man gewinnt und weshalb er kein Politiker sein will. &#8222;Die &hellip; <a href=\"https:\/\/frank-stauss.de\/index.php\/zeit-online-podcast-jetzt-live\/\" class=\"more-link\"><span class=\"screen-reader-text\">\u201eZEIT Online Podcast jetzt live.\u201c<\/span> weiterlesen<\/a><\/p>\n","protected":false},"author":1,"featured_media":0,"comment_status":"closed","ping_status":"closed","sticky":false,"template":"","format":"standard","meta":[],"categories":[1],"tags":[71,65,364,363,240,129,365,349,310,196,295,362,366,77,59],"_links":{"self":[{"href":"https:\/\/frank-stauss.de\/index.php\/wp-json\/wp\/v2\/posts\/2530"}],"collection":[{"href":"https:\/\/frank-stauss.de\/index.php\/wp-json\/wp\/v2\/posts"}],"about":[{"href":"https:\/\/frank-stauss.de\/index.php\/wp-json\/wp\/v2\/types\/post"}],"author":[{"embeddable":true,"href":"https:\/\/frank-stauss.de\/index.php\/wp-json\/wp\/v2\/users\/1"}],"replies":[{"embeddable":true,"href":"https:\/\/frank-stauss.de\/index.php\/wp-json\/wp\/v2\/comments?post=2530"}],"version-history":[{"count":2,"href":"https:\/\/frank-stauss.de\/index.php\/wp-json\/wp\/v2\/posts\/2530\/revisions"}],"predecessor-version":[{"id":2533,"href":"https:\/\/frank-stauss.de\/index.php\/wp-json\/wp\/v2\/posts\/2530\/revisions\/2533"}],"wp:attachment":[{"href":"https:\/\/frank-stauss.de\/index.php\/wp-json\/wp\/v2\/media?parent=2530"}],"wp:term":[{"taxonomy":"category","embeddable":true,"href":"https:\/\/frank-stauss.de\/index.php\/wp-json\/wp\/v2\/categories?post=2530"},{"taxonomy":"post_tag","embeddable":true,"href":"https:\/\/frank-stauss.de\/index.php\/wp-json\/wp\/v2\/tags?post=2530"}],"curies":[{"name":"wp","href":"https:\/\/api.w.org\/{rel}","templated":true}]}}