{"id":2348,"date":"2019-08-16T12:37:34","date_gmt":"2019-08-16T10:37:34","guid":{"rendered":"http:\/\/frank-stauss.de\/?p=2348"},"modified":"2019-08-16T12:37:34","modified_gmt":"2019-08-16T10:37:34","slug":"applaus-den-mutigen","status":"publish","type":"post","link":"https:\/\/frank-stauss.de\/index.php\/applaus-den-mutigen\/","title":{"rendered":"Applaus den Mutigen."},"content":{"rendered":"<p><strong><em>Applaus allen, die sich um den SPD Parteivorsitz bewerben. Und Respekt vor deren Mut sollten alle an den Tag legen, die in den n\u00e4chsten Monaten das Sagen haben: die Mitglieder der SPD. Und mit Respekt meine ich: Hingehen zu den Regionalkonferenzen, zuh\u00f6ren, fragen, niemanden reflexartig ausgrenzen oder ablehnen. Denn das w\u00e4re schon ein erster Schritt zu einer neuen SPD.<\/em><\/strong><\/p>\n<p>Das Feld der m\u00f6glichen Kandidatinnen und Kandidaten f\u00fcr den SPD Parteivorsitz wird 14 Tage vor der Deadline nahezu t\u00e4glich erweitert. Mit Olaf Scholz als erstem politischem Schwergewicht, aber auch mit den Tandems Christina Kampmann und Michael Roth, Nina Scheer und Karl Lauterbach, Gesine Schwan und Ralf Stegner, Boris Pistorius und Petra K\u00f6pping, mit der bereits einmal angetretenen Simone Lange und einigen mehr. Das verspricht einen spannenden Herbst! Denn die eigentliche Herausforderung liegt ja noch vor der SPD: 23 Regionalkonferenzen, auf denen sich alle pr\u00e4sentieren d\u00fcrfen, die von einem Landesverband, einem Bezirk oder f\u00fcnf Unterbezirken unterst\u00fctzt werden.<\/p>\n<p>Wer auch immer noch in den n\u00e4chsten Tagen dazukommen mag: Ob die SPD \u00fcberhaupt in der Lage sein wird, sich zu erneuern h\u00e4ngt jetzt ma\u00dfgeblich davon ab, wie die Parteimitglieder, ihre Funktion\u00e4re und auch die Kandidatinnen und Kandidaten miteinander umgehen.<\/p>\n<p>Es geht um einen Wettstreit der Ideen, was sozialdemokratische Politik auf der H\u00f6he der Zeit bedeutet.<\/p>\n<p>Jetzt ist vor allem nicht mehr die Zeit f\u00fcr reflexartige Ablehnungen, f\u00fcr h\u00e4ssliche Tweets nach der zweiten Flasche Rotwein, f\u00fcr Gegrummel hinter den Kulissen und die \u00fcblichen Kategorien \u201ezu alt, zu jung, zu rechts, zu links, zu waswei\u00dfich\u201c. Das hatten wir alles schon.<\/p>\n<p>Wenn die SPD eine Zukunft haben will \u2013 und so drastisch muss man es sehen \u2013 dann liegt es nun an den Mitgliedern dieser Partei.<\/p>\n<p>Lasst uns zun\u00e4chst einmal alle Kandidatinnen und Kandidaten feiern, die ihre pers\u00f6nliche Lebensplanung \u00fcber Bord werfen, sich der Verantwortung stellen, sich dem Risiko einer Niederlage aussetzen \u2013 und auch dem Risiko zu gewinnen. Lasst uns feiern, wer f\u00fcr unsere Partei in den Ring steigt. H\u00f6ren wir ihnen zu, stellen wir ihnen Fragen, w\u00e4hlen wir am Ende die, die wir f\u00fcr die Besten halten \u2013 und bedanken wir uns bei denen, die es am Ende nicht werden.<\/p>\n<p>Das w\u00e4re doch schon einmal eine tolle, neue SPD!<\/p>\n","protected":false},"excerpt":{"rendered":"<p>Applaus allen, die sich um den SPD Parteivorsitz bewerben. Und Respekt vor deren Mut sollten alle an den Tag legen, die in den n\u00e4chsten Monaten das Sagen haben: die Mitglieder der SPD. Und mit Respekt meine ich: Hingehen zu den Regionalkonferenzen, zuh\u00f6ren, fragen, niemanden reflexartig ausgrenzen oder ablehnen. Denn das w\u00e4re schon ein erster Schritt &hellip; <a href=\"https:\/\/frank-stauss.de\/index.php\/applaus-den-mutigen\/\" class=\"more-link\"><span class=\"screen-reader-text\">\u201eApplaus den Mutigen.\u201c<\/span> weiterlesen<\/a><\/p>\n","protected":false},"author":1,"featured_media":0,"comment_status":"closed","ping_status":"closed","sticky":false,"template":"","format":"standard","meta":[],"categories":[1],"tags":[282,278,285,280,279,281,196,283,286,284,38,276,277],"_links":{"self":[{"href":"https:\/\/frank-stauss.de\/index.php\/wp-json\/wp\/v2\/posts\/2348"}],"collection":[{"href":"https:\/\/frank-stauss.de\/index.php\/wp-json\/wp\/v2\/posts"}],"about":[{"href":"https:\/\/frank-stauss.de\/index.php\/wp-json\/wp\/v2\/types\/post"}],"author":[{"embeddable":true,"href":"https:\/\/frank-stauss.de\/index.php\/wp-json\/wp\/v2\/users\/1"}],"replies":[{"embeddable":true,"href":"https:\/\/frank-stauss.de\/index.php\/wp-json\/wp\/v2\/comments?post=2348"}],"version-history":[{"count":2,"href":"https:\/\/frank-stauss.de\/index.php\/wp-json\/wp\/v2\/posts\/2348\/revisions"}],"predecessor-version":[{"id":2350,"href":"https:\/\/frank-stauss.de\/index.php\/wp-json\/wp\/v2\/posts\/2348\/revisions\/2350"}],"wp:attachment":[{"href":"https:\/\/frank-stauss.de\/index.php\/wp-json\/wp\/v2\/media?parent=2348"}],"wp:term":[{"taxonomy":"category","embeddable":true,"href":"https:\/\/frank-stauss.de\/index.php\/wp-json\/wp\/v2\/categories?post=2348"},{"taxonomy":"post_tag","embeddable":true,"href":"https:\/\/frank-stauss.de\/index.php\/wp-json\/wp\/v2\/tags?post=2348"}],"curies":[{"name":"wp","href":"https:\/\/api.w.org\/{rel}","templated":true}]}}