{"id":1926,"date":"2017-08-29T12:03:00","date_gmt":"2017-08-29T10:03:00","guid":{"rendered":"http:\/\/frank-stauss.de\/?p=1926"},"modified":"2017-08-29T13:51:00","modified_gmt":"2017-08-29T11:51:00","slug":"das-tv-duell-hinter-den-kulissen","status":"publish","type":"post","link":"https:\/\/frank-stauss.de\/index.php\/das-tv-duell-hinter-den-kulissen\/","title":{"rendered":"Das TV-Duell &#8211; Hinter den Kulissen."},"content":{"rendered":"<p><em>Am Sonntag steht mal wieder das gro\u00dfe TV-Duell an. Was in den Wahlkampfzentralen hinter den Kulissen abgeht, habe ich &#8211; nat\u00fcrlich als subjektive Chronik der Ereignisse &#8211; in meinem Buch ver\u00f6ffentlicht. Es geht um das TV-Duell 2005 zwischen der damaligen Herausforderin Angela Merkel und Bundeskanzler Gerhard Schr\u00f6der. Nach dem TV-Duell, das am 4.9.2005 stattfand, fielen CDU\/CSU in \u00fcbereinstimmenden Umfragen von ARD und ZDF von 43% vor dem Duell auf 35,2% am Wahltag, dem 18.9.2005. Die SPD stieg von 32% auf 34,2%. Kommen uns auch heute noch manche Dinge bekannt vor? Lesen Sie selbst.<\/em><\/p>\n<p><a href=\"https:\/\/www.amazon.de\/H%C3%B6llenritt-Wahlkampf-Insider-Bericht-Erweiterte-Neuausgabe\/dp\/3423349182\/ref=sr_1_1?s=books&amp;ie=UTF8&amp;qid=1503999596&amp;sr=1-1&amp;keywords=frank+stauss\"><img decoding=\"async\" loading=\"lazy\" class=\"alignnone size-large wp-image-1729\" src=\"http:\/\/frank-stauss.de\/wordpress\/wp-content\/uploads\/2017\/01\/teaser_hoellenritt_wahlkampf_2017-300x147.jpg\" alt=\"teaser_hoellenritt_wahlkampf_2017\" width=\"300\" height=\"147\" srcset=\"https:\/\/frank-stauss.de\/wordpress\/wp-content\/uploads\/2017\/01\/teaser_hoellenritt_wahlkampf_2017-300x147.jpg 300w, https:\/\/frank-stauss.de\/wordpress\/wp-content\/uploads\/2017\/01\/teaser_hoellenritt_wahlkampf_2017-150x74.jpg 150w, https:\/\/frank-stauss.de\/wordpress\/wp-content\/uploads\/2017\/01\/teaser_hoellenritt_wahlkampf_2017-768x377.jpg 768w, https:\/\/frank-stauss.de\/wordpress\/wp-content\/uploads\/2017\/01\/teaser_hoellenritt_wahlkampf_2017.jpg 800w\" sizes=\"(max-width: 300px) 85vw, 300px\" \/><\/a><\/p>\n<p><span style=\"text-decoration: underline;\">Auszug aus: &#8222;H\u00f6llenritt Wahlkampf &#8211; Ein Insider Bericht&#8220;. Aktualisierte und \u00fcberarbeitete 3. Auflage, dtv 2017, Seite 169 ff:<\/span><\/p>\n<p><strong>Freitag, 2. September, Willy-Brandt-Haus<\/strong><br \/>\n<strong>Vorbereitung TV-Duell Merkel vs. Schr\u00f6der<\/strong><\/p>\n<p>Am Sonntag findet das einzige TV-Duell zwischen Frau Merkel und dem Kanzler statt. Schr\u00f6der wollte drei, Merkel keines, jetzt ist es eines. Sie hat wohl einen Heidenrespekt.<\/p>\n<p>Bundesgesch\u00e4ftsf\u00fchrer Kajo Wasserh\u00f6vel hat eine Runde geladen, um unsere Aktivit\u00e4ten vorzubereiten. Live-Kommentierung im Internet, Sonderflugbl\u00e4tter, die noch in der Nacht gedruckt und am Morgen in aller Fr\u00fche verteilt werden, ein Sondernewsletter, der ein paar Minuten vor Ende der Debatte bereits an die Multiplikatoren geht, damit sie wissen, wie die offizielle Sprachregelung lautet.<\/p>\n<p>Dann sitzen wir noch zusammen und gr\u00fcbeln, was man Schr\u00f6der mit in die Debatte geben kann. Wir diskutieren auch, ob man aus der \u00dcberflutung nach dem Hurricane in New Orleans etwas ableiten kann. F\u00fchrt nicht ein unterfinanzierter Staat mit mangelnder Infrastruktur, l\u00f6chrigen D\u00e4mmen und starken sozialen Verwerfungen dazu, dass am Ende die Armen und Schwachen auf den D\u00e4chern sitzen oder ertrinken, w\u00e4hrend die Reichen und Sch\u00f6nen sich l\u00e4ngst in Sicherheit bringen konnten? Ist nicht auch das ein Ergebnis von Flat-Tax a la Bush und Kirchhof? <em>*(Prof. Paul Kirchhof geh\u00f6rte 2005 zum &#8222;Kompetenzteam&#8220; Angela Merkels und wurde durch seine umstrittenen steuerpolitischen Vorschl\u00e4ge zu einem zentralen Wahlkampfthema der letzten Wochen.)<\/em><\/p>\n<p>Ziemlich hei\u00dfes Eisen. Vielleicht bekommen es die Menschen in den K\u00f6pfen auch zusammen, ohne dass man sie direkt drauf st\u00f6\u00dft.<\/p>\n<p>Ansonsten l\u00e4uft in den Medien das \u00fcbliche Spielchen: Schr\u00f6der, der \u201eMedienkanzler\u201c als Vollprofi gegen das arme kleine M\u00e4dchen aus dem Osten, das pl\u00f6tzlich keinen Satz mehr geradeaus sprechen kann. Leute, die Frau hat Kohl und Sch\u00e4uble erledigt \u2013 harmlos ist was anderes. Sie kann eigentlich nur gewinnen, weil keiner etwas erwartet und sie nat\u00fcrlich vern\u00fcnftig sprechen kann.<\/p>\n<p>Das Duell ist Chance und Risiko, aber f\u00fcr den Amtsinhaber immer das gr\u00f6\u00dfere Risiko.<\/p>\n<p><strong>Sonntag, 4. September, Berlin-Adlershof\/Kampa im Willy-Brandt-Haus. TV-Duell Merkel\/Schr\u00f6der<\/strong><\/p>\n<p>Guten Morgen, heute ist TV-Duell. Zum Fr\u00fchst\u00fcck titelt die Frankfurter Allgemeine Sonntagszeitung: <em>\u201eDie Reichen profitieren am meisten von Kirchhofs 25 Prozent Einheitssteuersatz.\u201c<\/em><\/p>\n<p>Na, so kann der Tag gerne weitergehen.<\/p>\n<p>Das Format f\u00fcr das Duell ist in den Verhandlungen der beiden Parteien und der Sender nicht unbedingt flexibler geworden. Vier Interviewer, 90 Minuten. Strikte Themenvorgabe, kaum Chancen f\u00fcr einen direkten Schlagabtausch. Aber: Live-\u00dcbertragung in Deutschlands vier gr\u00f6\u00dften TV-Sendern, die auch die Moderatoren stellen: ARD (Sabine Christiansen), ZDF (Maybritt Illner), RTL (Peter Kloeppel), SAT1 (Thomas Kausch).<\/p>\n<p>Gesendet wird aus dem Studio Berlin-Adlershof. Wir teilen uns auf, denn Adlershof ist zu weit drau\u00dfen, um nach der Debatte schnell wieder in der Kampa zu sein. Kajo, das Presseteam um Parteisprecher Lars K\u00fchn, der Parteivorsitzende Franz M\u00fcntefering und einige Minister gehen ins Sendezentrum, um danach vor den Journalisten Gerhard Schr\u00f6der zum klaren Sieger auszurufen. Nat\u00fcrlich unabh\u00e4ngig davon, wie es tats\u00e4chlich ausgegangen ist. Das macht die Gegenseite ebenso.<\/p>\n<p>Vor Ort sto\u00dfen sie auf die handels\u00fcblichen \u201eExperten\u201c f\u00fcr K\u00f6rperhaltung, Blickrichtung, Schwei\u00dfentwicklung, Versprecher, \u201e\u00c4h\u201c-Z\u00e4hlungen und so weiter und so fort, von denen niemand wei\u00df, woher sie eigentlich kommen und was sie in den vier Jahren zwischen TV-Duellen so treiben.<\/p>\n<p>Und schlie\u00dflich sind da noch die \u201eunabh\u00e4ngigen\u201c Journalisten von denen jeder seine festgef\u00fcgte Meinung hat und diese auch mit mehr oder weniger Geschick als \u201eneutrale Feststellung\u201c unterbringen m\u00f6chte. Neutral gibt man sich zum Beispiel mit einem kurzen, gerne vergifteten Lob an seinen pers\u00f6nlichen Gegner und einer harmlosen Kritik an dem Favoriten, bevor man dann massiv dreht. Zum Beispiel: \u201eSchr\u00f6der macht einen au\u00dfergew\u00f6hnlich frischen Eindruck, w\u00e4hrend Merkel doch etwas \u00fcberkonzentriert wirkte. Im Duell selbst war sie aber klar faktensicherer, sachlicher &#8211; und obwohl ich das im Vorfeld f\u00fcr unm\u00f6glich gehalten habe, hat sie das Duell klar gewonnen.\u201c Klingt also objektiv, stand aber schon vor dem Duell fest.<\/p>\n<p>Es ist eine gro\u00dfe Show und alle, einschlie\u00dflich der Zuschauer wissen das.<\/p>\n<p><a href=\"https:\/\/www.amazon.de\/H%C3%B6llenritt-Wahlkampf-Insider-Bericht-Erweiterte-Neuausgabe\/dp\/3423349182\/ref=sr_1_1?s=books&amp;ie=UTF8&amp;qid=1503999596&amp;sr=1-1&amp;keywords=frank+stauss\"><img decoding=\"async\" loading=\"lazy\" class=\"alignnone size-large wp-image-1729\" src=\"http:\/\/frank-stauss.de\/wordpress\/wp-content\/uploads\/2017\/01\/teaser_hoellenritt_wahlkampf_2017-300x147.jpg\" alt=\"teaser_hoellenritt_wahlkampf_2017\" width=\"300\" height=\"147\" srcset=\"https:\/\/frank-stauss.de\/wordpress\/wp-content\/uploads\/2017\/01\/teaser_hoellenritt_wahlkampf_2017-300x147.jpg 300w, https:\/\/frank-stauss.de\/wordpress\/wp-content\/uploads\/2017\/01\/teaser_hoellenritt_wahlkampf_2017-150x74.jpg 150w, https:\/\/frank-stauss.de\/wordpress\/wp-content\/uploads\/2017\/01\/teaser_hoellenritt_wahlkampf_2017-768x377.jpg 768w, https:\/\/frank-stauss.de\/wordpress\/wp-content\/uploads\/2017\/01\/teaser_hoellenritt_wahlkampf_2017.jpg 800w\" sizes=\"(max-width: 300px) 85vw, 300px\" \/><\/a><\/p>\n<p>Wirklich zittern m\u00fcssen wir nur vor den Blitzumfragen, die etwa 15-20 Minuten nach Debattenende von allen vier Sendern ver\u00f6ffentlich werden. Denn das sind dann die harten Fakten, an denen keiner mehr vorbeikommt.<\/p>\n<p>Auch unser Flugblatt nicht. Es liegen daher drei Headlines bereit:<\/p>\n<ul>\n<li>Klarer Sieg f\u00fcr Schr\u00f6der! &#8211; bei einem klaren Sieg.<\/li>\n<li>Schr\u00f6der gewinnt TV-Debatte! \u2013 bei einem kleinen Vorsprung<\/li>\n<li>Schr\u00f6der \u00fcberzeugt in TV-Duell: Deutschland muss sozial bleiben! &#8211; bei einer Niederlage.<\/li>\n<\/ul>\n<p>Die Headlines kann man je nach Verlauf auch noch variieren. Die vorbereiteten Layouts lassen Platz f\u00fcr die Umfrageergebnisse (bei guten Umfragen) oder auch nicht. 80 Prozent des Textes steht, 20 Prozent sind flexibel.<\/p>\n<p>Das Team vom Faktencheck und mehrere Experten stehen f\u00fcr die Kampa bereit, um umstrittene Fakten oder Behauptungen von Merkel zu \u00fcberpr\u00fcfen und unsere Kommentatoren in Adlershof mit Argumenten zu versorgen. Diese k\u00f6nnen sie noch w\u00e4hrend der Debatte an die Journalisten weitergeben oder im Anschluss in den Statements nutzen (\u201e\u00dcbrigens war Frau Merkel sehr unsicher bei den Fakten zum Beispiel &#8230;\u201c)<\/p>\n<p>Um 19:00 sind alle auf ihrem Posten, die Spannung steigt, 20:00 Tagesschau, langwieriges Intro, erste Kommentare f\u00fcrs Netz und los geht\u2019s mit der Debatte um 20:30.<\/p>\n<p>\u00dcber die Etage hinweg stehen \u00fcberall Monitore. Ich tigere hin und her, da mich TV-Duelle immer wahnsinnig nerv\u00f6s machen. Von anderen Menschen habe ich geh\u00f6rt, dass ihnen das bei Fu\u00dfballspielen so gehen soll. V\u00f6llig unverst\u00e4ndlich, die ticken wohl nicht richtig.<\/p>\n<p>Die Er\u00f6ffnungen sind ein bisschen steif auf beiden Seiten und obwohl wir es mit Vollprofis zu tun haben, sp\u00fcrt man bei beiden durchaus Nervosit\u00e4t. Schr\u00f6der verhaspelt sich immer mal wieder. Aber wenn man ehrlich ist, tut er das eigentlich auch sonst ziemlich oft. Zweimal platziert Schr\u00f6der den Irak-Krieg und auch Hurrikan Katrina kommt ins Spiel, weil danach gefragt wird. Hier hat Schr\u00f6der die Chance, das Krisenmanagement des ungeliebten George W anzugreifen \u2013 und sein eigens bei der Oderflut abzurufen. Kirchhof bestimmt 30 von 90 Minuten. St\u00e4rkster Satz vom Chef: \u201eMan kann nicht ein Volk zum Versuchskaninchen von Herrn Kirchhof machen.\u201c Die Pendlerpauschale und die Krankenschwester bringt er auch unter. Merkel alles in allem auch souver\u00e4n. Es gibt keinen Fallout auf beiden Seiten.<\/p>\n<p>Aber einen H\u00f6hepunkt. Doris Schr\u00f6der-K\u00f6pf hatte in einem Interview betont, dass es nicht \u201eMerkels Welt\u201c sei, die Bed\u00fcrfnisse von berufst\u00e4tigen M\u00fcttern zu verstehen und damit indirekt auf die Kinderlosigkeit der Kanzlerin hingewiesen. Darauf angesprochen sagte Schr\u00f6der: \u201eMeine Frau sagt, was sie lebt, und lebt, was sie sagt &#8230; und das ist nicht zuletzt der Grund, warum ich sie liebe.\u201c<\/p>\n<p>Liebe? Liebe ist ein sehr seltenes Wort in TV-Duellen. Zumindest in Deutschland. Ein Raunen geht durch die Kampa. Damit wissen auch wir nichts anzufangen. Ist das gut, ist das schlecht &#8230; ist das zu dicke?<\/p>\n<p>Die Schlussstatements laufen, aber alle reden nur noch von Liebe. Mit flauem Gef\u00fchl im Magen hauen wir unsere Headlines, Faktenchecks und Flugbl\u00e4tter raus. Die News aus Adlershof sind nicht gut. Die Journalisten sitzen auf einem Haufen im Pressesaal und da entwickelt sich rasch eine zynische Eigendynamik, die nicht viel mit dem Eindruck der Zuschauer vor der Glotze zu tun hat. Bei \u201eLiebe\u201c ging wohl ein h\u00f6hnisches Gel\u00e4chter durch den Saal und alle best\u00e4tigen sich gegenseitig, dass das zu viel war.<\/p>\n<p>Die R\u00fcckmeldungen aus dem Presseteam lassen bef\u00fcrchten, dass die Abges\u00e4nge auf Schr\u00f6der schon fertig sind, da Merkel sich tapfer geschlagen habe und nicht mit einem Wendepunkt der Kampagne zu rechnen sei.<\/p>\n<p>Wo bleiben die Umfragen?<br \/>\n15 Minuten k\u00f6nnen unendlich lange sein.<\/p>\n<p>Die ersten Spin-Doktoren sind schon auf Sendung und erkl\u00e4ren Merkel zur Siegerin, da sie klar die Erwartungen \u00fcbertroffen habe.<\/p>\n<p>Wo bleiben die Zahlen?<\/p>\n<p>Ich f\u00fchle, dass wir keinen t\u00f6dlichen Punch gelandet haben, aber wir werden doch bitte, bitte vorne liegen? Unsicherheit und ein bisschen Verzweiflung macht sich in der Kampa breit. Wir alle wissen: wenn es heute nicht zum Durchbruch reicht, dann kommt keiner mehr.<\/p>\n<p>Wo bleiben die Zahlen?<\/p>\n<p>Die Zahlen kommen.<\/p>\n<p>Wer hat Ihrer Meinung nach das TV-Duell gewonnen?<\/p>\n<p><span style=\"text-decoration: underline;\">Forsa f\u00fcr RTL:<\/span><br \/>\nMerkel: 21 Prozent, Schr\u00f6der: 54 Prozent<br \/>\n<span style=\"text-decoration: underline;\">Forschungsgruppe\/ZDF:<\/span><br \/>\nMerkel: 28 Prozent, Schr\u00f6der: 48 Prozent<br \/>\n<span style=\"text-decoration: underline;\">Emnid f\u00fcr SAT 1:<\/span><br \/>\nMerkel: 32 Prozent, Schr\u00f6der: 52 Prozent<br \/>\n<span style=\"text-decoration: underline;\">Infratest f\u00fcr ARD:<\/span><br \/>\nMerkel: 33 Prozent, Schr\u00f6der: 49 Prozent<\/p>\n<p>Wow! Zwischen 33 und 16 Prozentpunkten Vorsprung. Alle vier Institute haben einen klaren Sieger und der hei\u00dft: Bundeskanzler Gerhard Schr\u00f6der. Was f\u00fcr eine Erleichterung. Was f\u00fcr ein Jubel. Und was f\u00fcr ein Kopfsch\u00fctteln bei den Journalisten. Das hatte keiner auf der Rechnung \u2013 und ich auch nicht.<\/p>\n<p>Siegestrunken und hochmotiviert hauen wir weiter unsere Sachen raus. Kajo kommt und schimpft einmal laut, weil die Daten f\u00fcr einen Newsletter zu fett sind und nicht durchgehen. Aber als das Problem gel\u00f6st ist, kann auch der BGF entspannen.<\/p>\n<p>Das war ein guter Tag.<\/p>\n<p>In 14 Tagen um diese Zeit ist schon alles gelaufen.<\/p>\n<p><span style=\"text-decoration: underline;\">Dies war ein Auszug aus: &#8222;H\u00f6llenritt Wahlkampf &#8211; Ein Insider Bericht&#8220;. Aktualisierte und \u00fcberarbeitete 3. Auflage, dtv 2017:<\/span><\/p>\n<p><a href=\"https:\/\/www.amazon.de\/H%C3%B6llenritt-Wahlkampf-Insider-Bericht-Erweiterte-Neuausgabe\/dp\/3423349182\/ref=sr_1_1?s=books&amp;ie=UTF8&amp;qid=1503999596&amp;sr=1-1&amp;keywords=frank+stauss\"><img decoding=\"async\" loading=\"lazy\" class=\"alignnone size-large wp-image-1729\" src=\"http:\/\/frank-stauss.de\/wordpress\/wp-content\/uploads\/2017\/01\/teaser_hoellenritt_wahlkampf_2017-300x147.jpg\" alt=\"teaser_hoellenritt_wahlkampf_2017\" width=\"300\" height=\"147\" srcset=\"https:\/\/frank-stauss.de\/wordpress\/wp-content\/uploads\/2017\/01\/teaser_hoellenritt_wahlkampf_2017-300x147.jpg 300w, https:\/\/frank-stauss.de\/wordpress\/wp-content\/uploads\/2017\/01\/teaser_hoellenritt_wahlkampf_2017-150x74.jpg 150w, https:\/\/frank-stauss.de\/wordpress\/wp-content\/uploads\/2017\/01\/teaser_hoellenritt_wahlkampf_2017-768x377.jpg 768w, https:\/\/frank-stauss.de\/wordpress\/wp-content\/uploads\/2017\/01\/teaser_hoellenritt_wahlkampf_2017.jpg 800w\" sizes=\"(max-width: 300px) 85vw, 300px\" \/><\/a><\/p>\n","protected":false},"excerpt":{"rendered":"<p>Am Sonntag steht mal wieder das gro\u00dfe TV-Duell an. Was in den Wahlkampfzentralen hinter den Kulissen abgeht, habe ich &#8211; nat\u00fcrlich als subjektive Chronik der Ereignisse &#8211; in meinem Buch ver\u00f6ffentlicht. Es geht um das TV-Duell 2005 zwischen der damaligen Herausforderin Angela Merkel und Bundeskanzler Gerhard Schr\u00f6der. Nach dem TV-Duell, das am 4.9.2005 stattfand, fielen &hellip; <a href=\"https:\/\/frank-stauss.de\/index.php\/das-tv-duell-hinter-den-kulissen\/\" class=\"more-link\"><span class=\"screen-reader-text\">\u201eDas TV-Duell &#8211; Hinter den Kulissen.\u201c<\/span> weiterlesen<\/a><\/p>\n","protected":false},"author":1,"featured_media":0,"comment_status":"closed","ping_status":"closed","sticky":false,"template":"","format":"standard","meta":[],"categories":[1],"tags":[70,130,91,92,41,120,129,69,133,132,38,128,21,131],"_links":{"self":[{"href":"https:\/\/frank-stauss.de\/index.php\/wp-json\/wp\/v2\/posts\/1926"}],"collection":[{"href":"https:\/\/frank-stauss.de\/index.php\/wp-json\/wp\/v2\/posts"}],"about":[{"href":"https:\/\/frank-stauss.de\/index.php\/wp-json\/wp\/v2\/types\/post"}],"author":[{"embeddable":true,"href":"https:\/\/frank-stauss.de\/index.php\/wp-json\/wp\/v2\/users\/1"}],"replies":[{"embeddable":true,"href":"https:\/\/frank-stauss.de\/index.php\/wp-json\/wp\/v2\/comments?post=1926"}],"version-history":[{"count":12,"href":"https:\/\/frank-stauss.de\/index.php\/wp-json\/wp\/v2\/posts\/1926\/revisions"}],"predecessor-version":[{"id":1937,"href":"https:\/\/frank-stauss.de\/index.php\/wp-json\/wp\/v2\/posts\/1926\/revisions\/1937"}],"wp:attachment":[{"href":"https:\/\/frank-stauss.de\/index.php\/wp-json\/wp\/v2\/media?parent=1926"}],"wp:term":[{"taxonomy":"category","embeddable":true,"href":"https:\/\/frank-stauss.de\/index.php\/wp-json\/wp\/v2\/categories?post=1926"},{"taxonomy":"post_tag","embeddable":true,"href":"https:\/\/frank-stauss.de\/index.php\/wp-json\/wp\/v2\/tags?post=1926"}],"curies":[{"name":"wp","href":"https:\/\/api.w.org\/{rel}","templated":true}]}}