{"id":1506,"date":"2016-08-03T17:15:35","date_gmt":"2016-08-03T15:15:35","guid":{"rendered":"http:\/\/frank-stauss.de\/?p=1506"},"modified":"2016-08-03T17:15:35","modified_gmt":"2016-08-03T15:15:35","slug":"die-frau-der-kopf-das-tuch-und-ich","status":"publish","type":"post","link":"https:\/\/frank-stauss.de\/index.php\/die-frau-der-kopf-das-tuch-und-ich\/","title":{"rendered":"Die Frau. Der Kopf. Das Tuch. Und ich."},"content":{"rendered":"<p>Ein Mann mittleren Alters f\u00e4hrt eine Rolltreppe hinauf. Es scheint ein warmer Tag zu sein, denn er hat sein Jacket ausgezogen und h\u00e4lt es mit der rechten Hand \u00fcber seiner Schulter. Sein Blick f\u00e4llt auf eine Frau, die ihm auf der Rolltreppe entgegenkommt. Der Gesichtsausdruck des Mannes wirkt offen und freundlich.<\/p>\n<p>Die Frau tr\u00e4gt eine leichte, dunkelblaue Jacke und auf ihrem Kopf ein ros\u00e9farbenes, modisch geripptes Tuch, das sie \u00fcber ihre linke Schulter geschwungen hat. Sie dreht sich leicht in Richtung des Mannes. Im Hintergrund sehen wir weitere Passanten in der Unsch\u00e4rfe. Die Rolltreppe k\u00f6nnte zu einer U-Bahn oder einem Einkaufszentrum geh\u00f6ren.<\/p>\n<p>Es handelt sich also um eine typische Begegnung in einer Metropole, wie sie weltweit t\u00e4glich millionenfach stattfindet.<\/p>\n<p>Das einzige \u00dcberraschende an dem Bild ist, dass es sich bei dem Mann auf der Rolltreppe um den Regierenden B\u00fcrgermeister von Berlin, Michael M\u00fcller, handelt.<\/p>\n<p><a href=\"http:\/\/frank-stauss.de\/wordpress\/wp-content\/uploads\/2016\/07\/spdIM6028_Dekade_1_18-1_sRGB_7ed1.jpg\"><img decoding=\"async\" loading=\"lazy\" class=\"size-large wp-image-1504 aligncenter\" src=\"http:\/\/frank-stauss.de\/wordpress\/wp-content\/uploads\/2016\/07\/spdIM6028_Dekade_1_18-1_sRGB_7ed1-300x212.jpg\" alt=\"spdIM6028_Dekade_1_18-1_sRGB_7ed1\" width=\"300\" height=\"212\" srcset=\"https:\/\/frank-stauss.de\/wordpress\/wp-content\/uploads\/2016\/07\/spdIM6028_Dekade_1_18-1_sRGB_7ed1-300x212.jpg 300w, https:\/\/frank-stauss.de\/wordpress\/wp-content\/uploads\/2016\/07\/spdIM6028_Dekade_1_18-1_sRGB_7ed1-150x106.jpg 150w, https:\/\/frank-stauss.de\/wordpress\/wp-content\/uploads\/2016\/07\/spdIM6028_Dekade_1_18-1_sRGB_7ed1-768x543.jpg 768w, https:\/\/frank-stauss.de\/wordpress\/wp-content\/uploads\/2016\/07\/spdIM6028_Dekade_1_18-1_sRGB_7ed1-1200x849.jpg 1200w, https:\/\/frank-stauss.de\/wordpress\/wp-content\/uploads\/2016\/07\/spdIM6028_Dekade_1_18-1_sRGB_7ed1.jpg 1684w\" sizes=\"(max-width: 300px) 85vw, 300px\" \/><\/a>Die unbekannte Dame mit Kopftuch kann vieles sein.<\/p>\n<p>Eine hier lebende Ausl\u00e4nderin.<\/p>\n<p>Eine hier geborene Deutsche.<\/p>\n<p>Eine der vielen tausend Touristinnen.<\/p>\n<p>Eine Fl\u00fcchtende.<\/p>\n<p>Eine Gl\u00e4ubige, die andere Religionen und Weltauffassungen akzeptiert und toleriert.<\/p>\n<p>Eine Gl\u00e4ubige, die andere Religionen und Weltauffassungen nicht toleriert.<\/p>\n<p>Eine Frau, die von ihrem Mann unter Druck gesetzt wurde, ein Kopftuch zu tragen.<\/p>\n<p>Eine Frau, die sich frei entschieden hat, ein Kopftuch zu tragen.<\/p>\n<p>Aber eigentlich handelt es sich ja nur um einen Menschen auf einer Rolltreppe. Geht es am Ende gar nicht um die Frau?<\/p>\n<p>Es geht um uns. Wie wir denken, was wir sehen, was wir sehen wollen und was nicht.<\/p>\n<p>Wer weltoffen ist, akzeptiert und respektiert Menschen, die an andere Dinge glauben, sich andere Dinge anziehen und andere Dinge tun. So lange sie sich im Rahmen unseres Grundgesetzes bewegen. Und wie viele von uns wissen, wird die pers\u00f6nliche Toleranzgrenze meist nicht im multikulturellen Zusammenhang getestet, sondern am Arbeitsplatz, in der Nachbarschaft, im Verkehr, in der Verwandtschaft oder gleich zu Hause.<\/p>\n<p><strong>Tolerant ist man erst dann, wenn es schwer f\u00e4llt, tolerant zu sein.<\/strong><\/p>\n<p>H\u00e4ufig lohnt sich ein zweiter oder dritter Blick. Hinter manchem Kopftuch verbirgt sich mehr Weltoffenheit, als wir vermuten. Und hinter manchem Politiker mehr Stehverm\u00f6gen.<\/p>\n<p><a href=\"http:\/\/frank-stauss.de\/wordpress\/wp-content\/uploads\/2016\/08\/CSD_BerlinerZeitung_25.7.16.jpg\"><img decoding=\"async\" loading=\"lazy\" class=\"wp-image-1507 aligncenter\" src=\"http:\/\/frank-stauss.de\/wordpress\/wp-content\/uploads\/2016\/08\/CSD_BerlinerZeitung_25.7.16-300x200.jpg\" alt=\"CSD_BerlinerZeitung_25.7.16\" width=\"341\" height=\"227\" srcset=\"https:\/\/frank-stauss.de\/wordpress\/wp-content\/uploads\/2016\/08\/CSD_BerlinerZeitung_25.7.16-300x200.jpg 300w, https:\/\/frank-stauss.de\/wordpress\/wp-content\/uploads\/2016\/08\/CSD_BerlinerZeitung_25.7.16-150x100.jpg 150w, https:\/\/frank-stauss.de\/wordpress\/wp-content\/uploads\/2016\/08\/CSD_BerlinerZeitung_25.7.16-768x511.jpg 768w, https:\/\/frank-stauss.de\/wordpress\/wp-content\/uploads\/2016\/08\/CSD_BerlinerZeitung_25.7.16-1200x799.jpg 1200w\" sizes=\"(max-width: 341px) 85vw, 341px\" \/><\/a>Ein Bild aus der Berliner Zeitung vom 25.7.2016. Im Bericht geht es um den Christopher Street Day. Man beachte die Dame mit Kopftuch links im Bild. Ich denke, sie hat so etwas noch nie gesehen. Ich auch nicht. Sie nimmt es mit Berliner Gelassenheit.<\/p>\n<p><a href=\"http:\/\/frank-stauss.de\/wordpress\/wp-content\/uploads\/2016\/08\/WELT_Kopftuch.jpg\"><img decoding=\"async\" loading=\"lazy\" class=\"wp-image-1509 aligncenter\" src=\"http:\/\/frank-stauss.de\/wordpress\/wp-content\/uploads\/2016\/08\/WELT_Kopftuch-300x221.jpg\" alt=\"WELT_Kopftuch\" width=\"372\" height=\"274\" srcset=\"https:\/\/frank-stauss.de\/wordpress\/wp-content\/uploads\/2016\/08\/WELT_Kopftuch-300x221.jpg 300w, https:\/\/frank-stauss.de\/wordpress\/wp-content\/uploads\/2016\/08\/WELT_Kopftuch-150x111.jpg 150w, https:\/\/frank-stauss.de\/wordpress\/wp-content\/uploads\/2016\/08\/WELT_Kopftuch-768x566.jpg 768w, https:\/\/frank-stauss.de\/wordpress\/wp-content\/uploads\/2016\/08\/WELT_Kopftuch-1200x884.jpg 1200w\" sizes=\"(max-width: 372px) 85vw, 372px\" \/><\/a>Eine eher traurige Meldung aus der WELT vom 19.6.2016<\/p>\n<p><strong>Am 18. September w\u00e4hlt Berlin.<br \/>\n<\/strong><strong>Es geht darum, in welcher Stadt wir am 19. September aufwachen wollen.<\/strong><\/p>\n<p>&nbsp;<\/p>\n<p>&nbsp;<\/p>\n<p>&nbsp;<\/p>\n<p>&nbsp;<\/p>\n<p>&nbsp;<\/p>\n","protected":false},"excerpt":{"rendered":"<p>Ein Mann mittleren Alters f\u00e4hrt eine Rolltreppe hinauf. Es scheint ein warmer Tag zu sein, denn er hat sein Jacket ausgezogen und h\u00e4lt es mit der rechten Hand \u00fcber seiner Schulter. Sein Blick f\u00e4llt auf eine Frau, die ihm auf der Rolltreppe entgegenkommt. Der Gesichtsausdruck des Mannes wirkt offen und freundlich. Die Frau tr\u00e4gt eine &hellip; <a href=\"https:\/\/frank-stauss.de\/index.php\/die-frau-der-kopf-das-tuch-und-ich\/\" class=\"more-link\"><span class=\"screen-reader-text\">\u201eDie Frau. Der Kopf. Das Tuch. Und ich.\u201c<\/span> weiterlesen<\/a><\/p>\n","protected":false},"author":1,"featured_media":0,"comment_status":"closed","ping_status":"closed","sticky":false,"template":"","format":"standard","meta":[],"categories":[1],"tags":[10,39,36,12,40,38,11,37],"_links":{"self":[{"href":"https:\/\/frank-stauss.de\/index.php\/wp-json\/wp\/v2\/posts\/1506"}],"collection":[{"href":"https:\/\/frank-stauss.de\/index.php\/wp-json\/wp\/v2\/posts"}],"about":[{"href":"https:\/\/frank-stauss.de\/index.php\/wp-json\/wp\/v2\/types\/post"}],"author":[{"embeddable":true,"href":"https:\/\/frank-stauss.de\/index.php\/wp-json\/wp\/v2\/users\/1"}],"replies":[{"embeddable":true,"href":"https:\/\/frank-stauss.de\/index.php\/wp-json\/wp\/v2\/comments?post=1506"}],"version-history":[{"count":10,"href":"https:\/\/frank-stauss.de\/index.php\/wp-json\/wp\/v2\/posts\/1506\/revisions"}],"predecessor-version":[{"id":1519,"href":"https:\/\/frank-stauss.de\/index.php\/wp-json\/wp\/v2\/posts\/1506\/revisions\/1519"}],"wp:attachment":[{"href":"https:\/\/frank-stauss.de\/index.php\/wp-json\/wp\/v2\/media?parent=1506"}],"wp:term":[{"taxonomy":"category","embeddable":true,"href":"https:\/\/frank-stauss.de\/index.php\/wp-json\/wp\/v2\/categories?post=1506"},{"taxonomy":"post_tag","embeddable":true,"href":"https:\/\/frank-stauss.de\/index.php\/wp-json\/wp\/v2\/tags?post=1506"}],"curies":[{"name":"wp","href":"https:\/\/api.w.org\/{rel}","templated":true}]}}